{"id":8200,"date":"2022-11-23T10:32:14","date_gmt":"2022-11-23T09:32:14","guid":{"rendered":"http:\/\/uchanie.pl\/?p=8200"},"modified":"2022-11-23T10:32:14","modified_gmt":"2022-11-23T09:32:14","slug":"xxx-sesja-rady-gminy-uchanie","status":"publish","type":"post","link":"http:\/\/uchanie.pl\/?p=8200","title":{"rendered":"XXX sesja Rady Gminy Uchanie"},"content":{"rendered":"<p>Sesja odb\u0119dzie si\u0119 w dniu <strong>30 listopada 2022 r. (\u015broda) o godz. 9<sup>00<\/sup><\/strong> \u00a0w sali konferencyjnej Urz\u0119du Gminy w Uchaniach<\/p>\n<p><!--more--><\/p>\n<p><u>Proponowany porz\u0105dek sesji:<\/u><\/p>\n<ol>\n<li>Otwarcie i stwierdzenie prawomocno\u015bci obrad.<\/li>\n<li>Przedstawienie porz\u0105dku obrad.<\/li>\n<li>Przyj\u0119cie porz\u0105dku obrad.<\/li>\n<li>Przyj\u0119cie protoko\u0142u z XXIX sesji Rady Gminy z dnia 30 wrze\u015bnia 2022 r.<\/li>\n<li>Informacja o realizacji uchwa\u0142 w okresie po ostatniej sesji Rady Gminy.<\/li>\n<li>Dyskusja i g\u0142osowanie nad nast\u0119puj\u0105cymi projektami uchwa\u0142:<\/li>\n<\/ol>\n<p>&nbsp;<\/p>\n<p>1) w sprawie zmian w bud\u017cecie gminy na rok 2022:<\/p>\n<p>dyskusja,<\/p>\n<p>podj\u0119cie uchwa\u0142y.<\/p>\n<p>2) \u00a0\u00a0w sprawie zmiany wieloletniej prognozy finansowej:<\/p>\n<p>a)\u00a0 dyskusja,<\/p>\n<p>b)\u00a0 podj\u0119cie uchwa\u0142y.<\/p>\n<p>3)\u00a0 \u00a0w sprawie \u00a0ustalenia stawki za 1 kilometr przebiegu pojazdu b\u0119d\u0105cej podstaw\u0105 do okre\u015blenia zwrotu rodzicom kosztu przewozu dzieci, m\u0142odzie\u017cy i uczni\u00f3w do plac\u00f3wek o\u015bwiatowych, o kt\u00f3rych mowa w art.32 ust. 6 i art. 39 ust.4 i ust.4a ustawy z dnia 14 grudnia 2016r. \u2013 Prawo o\u015bwiatowe:<\/p>\n<p>a) dyskusja,<\/p>\n<p>b) podj\u0119cie uchwa\u0142y.<\/p>\n<p>4) \u00a0\u00a0w sprawie obni\u017cenia \u015bredniej ceny skupu \u017cyta przyjmowanej do obliczenia podatku rolnego na 2023 r.:<\/p>\n<p>a)\u00a0 dyskusja,<\/p>\n<p>b)\u00a0 podj\u0119cie uchwa\u0142y.<\/p>\n<p>5) \u00a0\u00a0w sprawie okre\u015blenia wysoko\u015bci stawek podatku od nieruchomo\u015bci obowi\u0105zuj\u0105cych na terenie gminy Uchanie:<\/p>\n<p>a)\u00a0 dyskusja,<\/p>\n<p>b)\u00a0 podj\u0119cie uchwa\u0142y.<\/p>\n<p>6) \u00a0\u00a0w sprawie okre\u015blenia wysoko\u015bci rocznych stawek podatku od \u015brodk\u00f3w \u00a0transportowych obowi\u0105zuj\u0105cych na terenie gminy Uchanie na rok 2023:<\/p>\n<p>a)\u00a0 dyskusja,<\/p>\n<p>b)\u00a0 podj\u0119cie uchwa\u0142y.<\/p>\n<p>7) \u00a0\u00a0w sprawie przyj\u0119cia \u201eProgramu wsp\u00f3\u0142pracy Gminy Uchanie z organizacjami pozarz\u0105dowymi i innymi podmiotami prowadz\u0105cymi dzia\u0142alno\u015b\u0107 po\u017cytku publicznego na 2023 rok\u201d:<\/p>\n<p>a)\u00a0 dyskusja,<\/p>\n<p>b)\u00a0 podj\u0119cie uchwa\u0142y.<\/p>\n<p>8) \u00a0\u00a0w sprawie uchwalenia Gminnego Programu Profilaktyki i Rozwi\u0105zywania Problem\u00f3w Alkoholowych:<\/p>\n<p>a)\u00a0 dyskusja,<\/p>\n<p>b)\u00a0 podj\u0119cie uchwa\u0142y.<\/p>\n<p>9) \u00a0\u00a0w sprawie uchwalenia Gminnego Programu Przeciwdzia\u0142ania Narkomanii na 2023r.:<\/p>\n<p>a)\u00a0 dyskusja,<\/p>\n<p>b)\u00a0 podj\u0119cie uchwa\u0142y.<\/p>\n<p>10) \u00a0\u00a0w sprawie przyj\u0119cia Programu Przeciwdzia\u0142ania Przemocy w Rodzinie oraz Ochrony Ofiar Przemocy w Rodzinie na terenie Gminy Uchanie na lata 2022 \u2013 2026.<\/p>\n<p>a)\u00a0 dyskusja,<\/p>\n<p>b)\u00a0 podj\u0119cie uchwa\u0142y.<\/p>\n<p>7. Sprawy bie\u017c\u0105ce i wolne wnioski.<\/p>\n<p>8. Zamkni\u0119cie obrad.<\/p>\n<p style=\"text-align: center;\">Przewodnicz\u0105cy Rady Gminy<\/p>\n<p style=\"text-align: center;\">(-) Robert Bodziacki<\/p>\n<p>Sesj\u0119 mo\u017cna ogl\u0105da\u0107 online pod adresem:\u00a0 <a href=\"https:\/\/www.youtube.com\/channel\/UCqr7EIfZKYugxIJVCmfkJLQ\/live\">https:\/\/www.youtube.com\/channel\/UCqr7EIfZKYugxIJVCmfkJLQ\/live<\/a><\/p>\n<p>W razie pyta\u0144, w\u0105tpliwo\u015bci mo\u017cna kontaktowa\u0107 si\u0119 mailowo: rada@uchanie.pl<\/p>\n","protected":false},"excerpt":{"rendered":"<p>Sesja odb\u0119dzie si\u0119 w dniu 30 listopada 2022 r. (\u015broda) o godz. 900 \u00a0w sali konferencyjnej Urz\u0119du Gminy w Uchaniach<\/p>\n","protected":false},"author":3,"featured_media":0,"comment_status":"closed","ping_status":"open","sticky":false,"template":"","format":"standard","meta":[],"categories":[4],"tags":[],"_links":{"self":[{"href":"http:\/\/uchanie.pl\/index.php?rest_route=\/wp\/v2\/posts\/8200"}],"collection":[{"href":"http:\/\/uchanie.pl\/index.php?rest_route=\/wp\/v2\/posts"}],"about":[{"href":"http:\/\/uchanie.pl\/index.php?rest_route=\/wp\/v2\/types\/post"}],"author":[{"embeddable":true,"href":"http:\/\/uchanie.pl\/index.php?rest_route=\/wp\/v2\/users\/3"}],"replies":[{"embeddable":true,"href":"http:\/\/uchanie.pl\/index.php?rest_route=%2Fwp%2Fv2%2Fcomments&post=8200"}],"version-history":[{"count":3,"href":"http:\/\/uchanie.pl\/index.php?rest_route=\/wp\/v2\/posts\/8200\/revisions"}],"predecessor-version":[{"id":8203,"href":"http:\/\/uchanie.pl\/index.php?rest_route=\/wp\/v2\/posts\/8200\/revisions\/8203"}],"wp:attachment":[{"href":"http:\/\/uchanie.pl\/index.php?rest_route=%2Fwp%2Fv2%2Fmedia&parent=8200"}],"wp:term":[{"taxonomy":"category","embeddable":true,"href":"http:\/\/uchanie.pl\/index.php?rest_route=%2Fwp%2Fv2%2Fcategories&post=8200"},{"taxonomy":"post_tag","embeddable":true,"href":"http:\/\/uchanie.pl\/index.php?rest_route=%2Fwp%2Fv2%2Ftags&post=8200"}],"curies":[{"name":"wp","href":"https:\/\/api.w.org\/{rel}","templated":true}]}}